{"id":1800,"date":"2025-03-28T08:00:18","date_gmt":"2025-03-28T11:00:18","guid":{"rendered":"https:\/\/cursaueducacao.com.br\/blog\/?p=1800"},"modified":"2025-03-26T10:36:17","modified_gmt":"2025-03-26T13:36:17","slug":"revolta-da-vacina","status":"publish","type":"post","link":"https:\/\/cursaueducacao.com.br\/blog\/revolta-da-vacina\/","title":{"rendered":"A revolta da vacina"},"content":{"rendered":"\n<p class=\"has-medium-font-size\">No in\u00edcio do s\u00e9culo XX, o Rio de Janeiro, ent\u00e3o capital do Brasil, enfrentava s\u00e9rios problemas de sa\u00fade p\u00fablica. Doen\u00e7as como febre amarela, peste bub\u00f4nica e var\u00edola eram comuns, afetando significativamente a popula\u00e7\u00e3o. Para combater essas epidemias, o presidente Rodrigues Alves implementou reformas urbanas e sanit\u00e1rias, destacando-se a campanha de vacina\u00e7\u00e3o obrigat\u00f3ria contra a var\u00edola liderada pelo m\u00e9dico Oswaldo Cruz.<\/p>\n\n\n\n<p><\/p>\n\n\n\n<h2 class=\"wp-block-heading\"><strong>A Var\u00edola: Agente Causador, Transmiss\u00e3o e Sintomas<\/strong><\/h2>\n\n\n\n<p class=\"has-medium-font-size\">A var\u00edola \u00e9 uma doen\u00e7a infecciosa grave causada pelo v\u00edrus <em>Variola major<\/em>, pertencente ao g\u00eanero <em>Orthopoxvirus<\/em>. A transmiss\u00e3o ocorre principalmente por inala\u00e7\u00e3o de got\u00edculas respirat\u00f3rias de pessoas infectadas ou pelo contato direto com fluidos corporais e objetos contaminados. Ap\u00f3s um per\u00edodo de incuba\u00e7\u00e3o de cerca de 12 dias, os sintomas iniciais incluem febre alta, mal-estar, dores de cabe\u00e7a e musculares. Posteriormente, surgem erup\u00e7\u00f5es cut\u00e2neas que evoluem para p\u00fastulas e crostas, deixando cicatrizes permanentes. A taxa de mortalidade variava entre 20% e 30%.<\/p>\n\n\n\n<p><\/p>\n\n\n\n<h2 class=\"wp-block-heading\"><strong>A Revolta da Vacina: Causas e Desenvolvimento<\/strong><\/h2>\n\n\n\n<p class=\"has-medium-font-size\">Em 1904, o governo brasileiro aprovou a lei que tornava obrigat\u00f3ria a vacina\u00e7\u00e3o contra a var\u00edola. A medida, embora sanitariamente necess\u00e1ria, foi imposta sem campanhas educativas, gerando desconfian\u00e7a e resist\u00eancia da popula\u00e7\u00e3o. Al\u00e9m disso, as reformas urbanas lideradas pelo prefeito Pereira Passos resultaram na demoli\u00e7\u00e3o de corti\u00e7os e no deslocamento de popula\u00e7\u00f5es pobres, aumentando o descontentamento social.<\/p>\n\n\n\n<p class=\"has-medium-font-size\">Entre 10 e 16 de novembro de 1904, eclodiu a Revolta da Vacina no Rio de Janeiro. Manifesta\u00e7\u00f5es populares, saques e confrontos com as for\u00e7as policiais marcaram o per\u00edodo. A insatisfa\u00e7\u00e3o n\u00e3o se limitava \u00e0 vacina\u00e7\u00e3o obrigat\u00f3ria, mas tamb\u00e9m \u00e0s condi\u00e7\u00f5es de vida prec\u00e1rias e \u00e0 forma como as pol\u00edticas p\u00fablicas eram implementadas. O governo reagiu decretando estado de s\u00edtio e suspendendo temporariamente a vacina\u00e7\u00e3o obrigat\u00f3ria. O saldo foi de 30 mortos, 110 feridos e centenas de pris\u00f5es e deporta\u00e7\u00f5es.<\/p>\n\n\n\n<p><\/p>\n\n\n\n<h2 class=\"wp-block-heading\"><strong>Consequ\u00eancias e Li\u00e7\u00f5es Aprendidas<\/strong><\/h2>\n\n\n\n<p class=\"has-medium-font-size\">Ap\u00f3s a repress\u00e3o, o governo retomou as campanhas de vacina\u00e7\u00e3o, desta vez com maior aceita\u00e7\u00e3o p\u00fablica. A Revolta da Vacina evidenciou a import\u00e2ncia de pol\u00edticas p\u00fablicas que considerassem n\u00e3o apenas a sa\u00fade, mas tamb\u00e9m aspectos sociais e culturais. Destacou-se a necessidade de comunica\u00e7\u00e3o eficaz entre autoridades e popula\u00e7\u00e3o. A var\u00edola continuou sendo uma preocupa\u00e7\u00e3o at\u00e9 sua erradica\u00e7\u00e3o global em 1980, gra\u00e7as a campanhas de vacina\u00e7\u00e3o em massa coordenadas pela Organiza\u00e7\u00e3o Mundial da Sa\u00fade.<\/p>\n\n\n\n<p class=\"has-medium-font-size\">A Revolta da Vacina permanece como um marco na hist\u00f3ria brasileira, ressaltando a complexidade das rela\u00e7\u00f5es entre Estado e sociedade na implementa\u00e7\u00e3o de pol\u00edticas de sa\u00fade p\u00fablica.<\/p>\n\n\n\n<figure class=\"wp-block-image aligncenter size-full\"><img fetchpriority=\"high\" decoding=\"async\" width=\"567\" height=\"324\" src=\"https:\/\/cursaueducacao.com.br\/blog\/wp-content\/uploads\/2025\/03\/image-1.jpeg\" alt=\"\" class=\"wp-image-1801\" srcset=\"https:\/\/cursaueducacao.com.br\/blog\/wp-content\/uploads\/2025\/03\/image-1.jpeg 567w, https:\/\/cursaueducacao.com.br\/blog\/wp-content\/uploads\/2025\/03\/image-1-300x171.jpeg 300w\" sizes=\"(max-width: 567px) 100vw, 567px\" \/><\/figure>\n\n\n\n<p class=\"has-medium-font-size\">Se voc\u00ea tem interesse em aprender mais sobre esse e outros t\u00f3picos, nossa plataforma de aulas pode te ajudar. Fale agora com uma de nossas consultoras educacionais e entenda como a plataforma ser\u00e1 uma ferramenta para que voc\u00ea aprenda mais em menos tempo esse e outros assuntos.<\/p>\n\n\n\n<p class=\"has-text-align-center has-medium-font-size\"><strong><mark><a href=\"http:\/\/wa.link\/bkxq8e\">&nbsp;Clique AQUI e fale agora com uma de nossas consultoras<\/a><\/mark><\/strong><\/p>\n\n\n\n<p><\/p>\n\n\n\n<p>Refer\u00eancia bibliogr\u00e1fica: <\/p>\n\n\n\n<p>Th\u00e8ves C, Crub\u00e9zy E, Biagini P. History of Smallpox and Its Spread in Human Populations. Microbiol Spectr. 2016 Aug;4(4). doi: 10.1128\/microbiolspec.PoH-0004-2014. PMID: 27726788.<\/p>\n\n\n\n<p>Meyer H, Ehmann R, Smith GL. Smallpox in the Post-Eradication Era. Viruses. 2020 Jan 24;12(2):138. doi: 10.3390\/v12020138. PMID: 31991671; PMCID: PMC7077202.<\/p>\n\n\n\n<p>dos Santos Beserra Nogueira, R. A., Barros, R. J. F. de, Holanda, J. R. C. de, Monteiro, D. B. de M., Morais, L. E. F., Almeida, J. de A., \u2026 Saraiva, J. V. de O. T. (2021). A REVOLTA DA VACINA E SEUS IMPACTOS: .&nbsp;<em>Cient\u00edfic@ &#8211; Multidisciplinary Journal<\/em>,&nbsp;<em>8<\/em>(2), 1\u201310. <a href=\"https:\/\/doi.org\/10.37951\/2358-260X.2021v8i2.5914\">https:\/\/doi.org\/10.37951\/2358-260X.2021v8i2.5914<\/a><\/p>\n\n\n\n<figure class=\"wp-block-image aligncenter size-large is-resized\"><img decoding=\"async\" src=\"https:\/\/cursaueducacao.com.br\/blog\/wp-content\/uploads\/2024\/05\/Inserir-um-titulo-6-1030x579.png\" alt=\"\" class=\"wp-image-1114\" width=\"717\" height=\"403\" srcset=\"https:\/\/cursaueducacao.com.br\/blog\/wp-content\/uploads\/2024\/05\/Inserir-um-titulo-6-1030x579.png 1030w, https:\/\/cursaueducacao.com.br\/blog\/wp-content\/uploads\/2024\/05\/Inserir-um-titulo-6-300x169.png 300w, https:\/\/cursaueducacao.com.br\/blog\/wp-content\/uploads\/2024\/05\/Inserir-um-titulo-6-768x432.png 768w, https:\/\/cursaueducacao.com.br\/blog\/wp-content\/uploads\/2024\/05\/Inserir-um-titulo-6-1536x864.png 1536w, https:\/\/cursaueducacao.com.br\/blog\/wp-content\/uploads\/2024\/05\/Inserir-um-titulo-6-2048x1152.png 2048w, https:\/\/cursaueducacao.com.br\/blog\/wp-content\/uploads\/2024\/05\/Inserir-um-titulo-6-1500x844.png 1500w, https:\/\/cursaueducacao.com.br\/blog\/wp-content\/uploads\/2024\/05\/Inserir-um-titulo-6-705x397.png 705w\" sizes=\"(max-width: 717px) 100vw, 717px\" \/><\/figure>\n","protected":false},"excerpt":{"rendered":"<p>No in\u00edcio do s\u00e9culo XX, o Rio de Janeiro, ent\u00e3o capital do Brasil, enfrentava s\u00e9rios problemas de sa\u00fade p\u00fablica. Doen\u00e7as como febre amarela, peste bub\u00f4nica e var\u00edola eram comuns, afetando significativamente a popula\u00e7\u00e3o. Para combater essas epidemias, o presidente Rodrigues Alves implementou reformas urbanas e sanit\u00e1rias, destacando-se a campanha de vacina\u00e7\u00e3o obrigat\u00f3ria contra a var\u00edola [&hellip;]<\/p>\n","protected":false},"author":5,"featured_media":1805,"comment_status":"closed","ping_status":"open","sticky":false,"template":"","format":"standard","meta":{"footnotes":""},"categories":[420],"tags":[217,47,126,433],"class_list":["post-1800","post","type-post","status-publish","format-standard","has-post-thumbnail","hentry","category-saude-e-historia","tag-biomed","tag-biomedicina","tag-imunologia","tag-variola"],"yoast_head":"<!-- This site is optimized with the Yoast SEO plugin v27.0 - https:\/\/yoast.com\/product\/yoast-seo-wordpress\/ -->\n<title>A revolta da vacina - Cursau Educa\u00e7\u00e3o - Blog<\/title>\n<meta name=\"description\" content=\"Neste post, voc\u00ea vai conhecer a revolta a revolta da vacina, um marco na hist\u00f3ria do Brasil e da imunologia.\" \/>\n<meta name=\"robots\" content=\"index, follow, max-snippet:-1, max-image-preview:large, max-video-preview:-1\" \/>\n<link rel=\"canonical\" href=\"https:\/\/cursaueducacao.com.br\/blog\/revolta-da-vacina\/\" \/>\n<meta property=\"og:locale\" content=\"pt_BR\" \/>\n<meta property=\"og:type\" content=\"article\" \/>\n<meta property=\"og:title\" content=\"A revolta da vacina - Cursau Educa\u00e7\u00e3o - Blog\" \/>\n<meta property=\"og:description\" content=\"Neste post, voc\u00ea vai conhecer a revolta a revolta da vacina, um marco na hist\u00f3ria do Brasil e da imunologia.\" \/>\n<meta property=\"og:url\" content=\"https:\/\/cursaueducacao.com.br\/blog\/revolta-da-vacina\/\" \/>\n<meta property=\"og:site_name\" content=\"Cursau Educa\u00e7\u00e3o - Blog\" \/>\n<meta property=\"article:publisher\" content=\"https:\/\/www.facebook.com\/cursaucursos\" \/>\n<meta property=\"article:published_time\" content=\"2025-03-28T11:00:18+00:00\" \/>\n<meta property=\"og:image\" content=\"https:\/\/cursaueducacao.com.br\/blog\/wp-content\/uploads\/2025\/03\/Inserir-um-titulo-1-3-1030x579.png\" \/>\n\t<meta property=\"og:image:width\" content=\"1030\" \/>\n\t<meta property=\"og:image:height\" content=\"579\" \/>\n\t<meta property=\"og:image:type\" content=\"image\/png\" \/>\n<meta name=\"author\" content=\"Reda\u00e7\u00e3o Cursau\" \/>\n<meta name=\"twitter:card\" content=\"summary_large_image\" \/>\n<meta name=\"twitter:label1\" content=\"Escrito por\" \/>\n\t<meta name=\"twitter:data1\" content=\"Reda\u00e7\u00e3o Cursau\" \/>\n\t<meta name=\"twitter:label2\" content=\"Est. tempo de leitura\" \/>\n\t<meta name=\"twitter:data2\" content=\"4 minutos\" \/>\n<script type=\"application\/ld+json\" class=\"yoast-schema-graph\">{\"@context\":\"https:\/\/schema.org\",\"@graph\":[{\"@type\":\"Article\",\"@id\":\"https:\/\/cursaueducacao.com.br\/blog\/revolta-da-vacina\/#article\",\"isPartOf\":{\"@id\":\"https:\/\/cursaueducacao.com.br\/blog\/revolta-da-vacina\/\"},\"author\":{\"name\":\"Reda\u00e7\u00e3o Cursau\",\"@id\":\"https:\/\/cursaueducacao.com.br\/blog\/#\/schema\/person\/20820be381dfd4fd86992da4929b2eab\"},\"headline\":\"A revolta da vacina\",\"datePublished\":\"2025-03-28T11:00:18+00:00\",\"mainEntityOfPage\":{\"@id\":\"https:\/\/cursaueducacao.com.br\/blog\/revolta-da-vacina\/\"},\"wordCount\":638,\"publisher\":{\"@id\":\"https:\/\/cursaueducacao.com.br\/blog\/#organization\"},\"image\":{\"@id\":\"https:\/\/cursaueducacao.com.br\/blog\/revolta-da-vacina\/#primaryimage\"},\"thumbnailUrl\":\"https:\/\/cursaueducacao.com.br\/blog\/wp-content\/uploads\/2025\/03\/Inserir-um-titulo-1-3.png\",\"keywords\":[\"biomed\",\"biomedicina\",\"imunologia\",\"var\u00edola\"],\"articleSection\":[\"SA\u00daDE E HIST\u00d3RIA\"],\"inLanguage\":\"pt-BR\"},{\"@type\":\"WebPage\",\"@id\":\"https:\/\/cursaueducacao.com.br\/blog\/revolta-da-vacina\/\",\"url\":\"https:\/\/cursaueducacao.com.br\/blog\/revolta-da-vacina\/\",\"name\":\"A revolta da vacina - Cursau Educa\u00e7\u00e3o - Blog\",\"isPartOf\":{\"@id\":\"https:\/\/cursaueducacao.com.br\/blog\/#website\"},\"primaryImageOfPage\":{\"@id\":\"https:\/\/cursaueducacao.com.br\/blog\/revolta-da-vacina\/#primaryimage\"},\"image\":{\"@id\":\"https:\/\/cursaueducacao.com.br\/blog\/revolta-da-vacina\/#primaryimage\"},\"thumbnailUrl\":\"https:\/\/cursaueducacao.com.br\/blog\/wp-content\/uploads\/2025\/03\/Inserir-um-titulo-1-3.png\",\"datePublished\":\"2025-03-28T11:00:18+00:00\",\"description\":\"Neste post, voc\u00ea vai conhecer a revolta a revolta da vacina, um marco na hist\u00f3ria do Brasil e da imunologia.\",\"breadcrumb\":{\"@id\":\"https:\/\/cursaueducacao.com.br\/blog\/revolta-da-vacina\/#breadcrumb\"},\"inLanguage\":\"pt-BR\",\"potentialAction\":[{\"@type\":\"ReadAction\",\"target\":[\"https:\/\/cursaueducacao.com.br\/blog\/revolta-da-vacina\/\"]}]},{\"@type\":\"ImageObject\",\"inLanguage\":\"pt-BR\",\"@id\":\"https:\/\/cursaueducacao.com.br\/blog\/revolta-da-vacina\/#primaryimage\",\"url\":\"https:\/\/cursaueducacao.com.br\/blog\/wp-content\/uploads\/2025\/03\/Inserir-um-titulo-1-3.png\",\"contentUrl\":\"https:\/\/cursaueducacao.com.br\/blog\/wp-content\/uploads\/2025\/03\/Inserir-um-titulo-1-3.png\",\"width\":2240,\"height\":1260},{\"@type\":\"BreadcrumbList\",\"@id\":\"https:\/\/cursaueducacao.com.br\/blog\/revolta-da-vacina\/#breadcrumb\",\"itemListElement\":[{\"@type\":\"ListItem\",\"position\":1,\"name\":\"In\u00edcio\",\"item\":\"https:\/\/cursaueducacao.com.br\/blog\/\"},{\"@type\":\"ListItem\",\"position\":2,\"name\":\"A revolta da vacina\"}]},{\"@type\":\"WebSite\",\"@id\":\"https:\/\/cursaueducacao.com.br\/blog\/#website\",\"url\":\"https:\/\/cursaueducacao.com.br\/blog\/\",\"name\":\"Cursau Educa\u00e7\u00e3o - Blog\",\"description\":\"Blog da Cursau Educa\u00e7\u00e3o\",\"publisher\":{\"@id\":\"https:\/\/cursaueducacao.com.br\/blog\/#organization\"},\"potentialAction\":[{\"@type\":\"SearchAction\",\"target\":{\"@type\":\"EntryPoint\",\"urlTemplate\":\"https:\/\/cursaueducacao.com.br\/blog\/?s={search_term_string}\"},\"query-input\":{\"@type\":\"PropertyValueSpecification\",\"valueRequired\":true,\"valueName\":\"search_term_string\"}}],\"inLanguage\":\"pt-BR\"},{\"@type\":\"Organization\",\"@id\":\"https:\/\/cursaueducacao.com.br\/blog\/#organization\",\"name\":\"Cursau Educa\u00e7\u00e3o\",\"url\":\"https:\/\/cursaueducacao.com.br\/blog\/\",\"logo\":{\"@type\":\"ImageObject\",\"inLanguage\":\"pt-BR\",\"@id\":\"https:\/\/cursaueducacao.com.br\/blog\/#\/schema\/logo\/image\/\",\"url\":\"https:\/\/cursaueducacao.com.br\/blog\/wp-content\/uploads\/2023\/02\/Logo-cor-Vertical.png\",\"contentUrl\":\"https:\/\/cursaueducacao.com.br\/blog\/wp-content\/uploads\/2023\/02\/Logo-cor-Vertical.png\",\"width\":5751,\"height\":4900,\"caption\":\"Cursau Educa\u00e7\u00e3o\"},\"image\":{\"@id\":\"https:\/\/cursaueducacao.com.br\/blog\/#\/schema\/logo\/image\/\"},\"sameAs\":[\"https:\/\/www.facebook.com\/cursaucursos\",\"https:\/\/www.instagram.com\/cursaucursos\"]},{\"@type\":\"Person\",\"@id\":\"https:\/\/cursaueducacao.com.br\/blog\/#\/schema\/person\/20820be381dfd4fd86992da4929b2eab\",\"name\":\"Reda\u00e7\u00e3o Cursau\",\"image\":{\"@type\":\"ImageObject\",\"inLanguage\":\"pt-BR\",\"@id\":\"https:\/\/cursaueducacao.com.br\/blog\/#\/schema\/person\/image\/\",\"url\":\"https:\/\/secure.gravatar.com\/avatar\/9cc19e2b1a694b9baf602a66d37817c213147e66101aa4f6e53332b2464164b3?s=96&d=mm&r=g\",\"contentUrl\":\"https:\/\/secure.gravatar.com\/avatar\/9cc19e2b1a694b9baf602a66d37817c213147e66101aa4f6e53332b2464164b3?s=96&d=mm&r=g\",\"caption\":\"Reda\u00e7\u00e3o Cursau\"},\"url\":\"https:\/\/cursaueducacao.com.br\/blog\/author\/redacao-cursau\/\"}]}<\/script>\n<!-- \/ Yoast SEO plugin. -->","yoast_head_json":{"title":"A revolta da vacina - Cursau Educa\u00e7\u00e3o - Blog","description":"Neste post, voc\u00ea vai conhecer a revolta a revolta da vacina, um marco na hist\u00f3ria do Brasil e da imunologia.","robots":{"index":"index","follow":"follow","max-snippet":"max-snippet:-1","max-image-preview":"max-image-preview:large","max-video-preview":"max-video-preview:-1"},"canonical":"https:\/\/cursaueducacao.com.br\/blog\/revolta-da-vacina\/","og_locale":"pt_BR","og_type":"article","og_title":"A revolta da vacina - Cursau Educa\u00e7\u00e3o - Blog","og_description":"Neste post, voc\u00ea vai conhecer a revolta a revolta da vacina, um marco na hist\u00f3ria do Brasil e da imunologia.","og_url":"https:\/\/cursaueducacao.com.br\/blog\/revolta-da-vacina\/","og_site_name":"Cursau Educa\u00e7\u00e3o - Blog","article_publisher":"https:\/\/www.facebook.com\/cursaucursos","article_published_time":"2025-03-28T11:00:18+00:00","og_image":[{"width":1030,"height":579,"url":"https:\/\/cursaueducacao.com.br\/blog\/wp-content\/uploads\/2025\/03\/Inserir-um-titulo-1-3-1030x579.png","type":"image\/png"}],"author":"Reda\u00e7\u00e3o Cursau","twitter_card":"summary_large_image","twitter_misc":{"Escrito por":"Reda\u00e7\u00e3o Cursau","Est. tempo de leitura":"4 minutos"},"schema":{"@context":"https:\/\/schema.org","@graph":[{"@type":"Article","@id":"https:\/\/cursaueducacao.com.br\/blog\/revolta-da-vacina\/#article","isPartOf":{"@id":"https:\/\/cursaueducacao.com.br\/blog\/revolta-da-vacina\/"},"author":{"name":"Reda\u00e7\u00e3o Cursau","@id":"https:\/\/cursaueducacao.com.br\/blog\/#\/schema\/person\/20820be381dfd4fd86992da4929b2eab"},"headline":"A revolta da vacina","datePublished":"2025-03-28T11:00:18+00:00","mainEntityOfPage":{"@id":"https:\/\/cursaueducacao.com.br\/blog\/revolta-da-vacina\/"},"wordCount":638,"publisher":{"@id":"https:\/\/cursaueducacao.com.br\/blog\/#organization"},"image":{"@id":"https:\/\/cursaueducacao.com.br\/blog\/revolta-da-vacina\/#primaryimage"},"thumbnailUrl":"https:\/\/cursaueducacao.com.br\/blog\/wp-content\/uploads\/2025\/03\/Inserir-um-titulo-1-3.png","keywords":["biomed","biomedicina","imunologia","var\u00edola"],"articleSection":["SA\u00daDE E HIST\u00d3RIA"],"inLanguage":"pt-BR"},{"@type":"WebPage","@id":"https:\/\/cursaueducacao.com.br\/blog\/revolta-da-vacina\/","url":"https:\/\/cursaueducacao.com.br\/blog\/revolta-da-vacina\/","name":"A revolta da vacina - Cursau Educa\u00e7\u00e3o - Blog","isPartOf":{"@id":"https:\/\/cursaueducacao.com.br\/blog\/#website"},"primaryImageOfPage":{"@id":"https:\/\/cursaueducacao.com.br\/blog\/revolta-da-vacina\/#primaryimage"},"image":{"@id":"https:\/\/cursaueducacao.com.br\/blog\/revolta-da-vacina\/#primaryimage"},"thumbnailUrl":"https:\/\/cursaueducacao.com.br\/blog\/wp-content\/uploads\/2025\/03\/Inserir-um-titulo-1-3.png","datePublished":"2025-03-28T11:00:18+00:00","description":"Neste post, voc\u00ea vai conhecer a revolta a revolta da vacina, um marco na hist\u00f3ria do Brasil e da imunologia.","breadcrumb":{"@id":"https:\/\/cursaueducacao.com.br\/blog\/revolta-da-vacina\/#breadcrumb"},"inLanguage":"pt-BR","potentialAction":[{"@type":"ReadAction","target":["https:\/\/cursaueducacao.com.br\/blog\/revolta-da-vacina\/"]}]},{"@type":"ImageObject","inLanguage":"pt-BR","@id":"https:\/\/cursaueducacao.com.br\/blog\/revolta-da-vacina\/#primaryimage","url":"https:\/\/cursaueducacao.com.br\/blog\/wp-content\/uploads\/2025\/03\/Inserir-um-titulo-1-3.png","contentUrl":"https:\/\/cursaueducacao.com.br\/blog\/wp-content\/uploads\/2025\/03\/Inserir-um-titulo-1-3.png","width":2240,"height":1260},{"@type":"BreadcrumbList","@id":"https:\/\/cursaueducacao.com.br\/blog\/revolta-da-vacina\/#breadcrumb","itemListElement":[{"@type":"ListItem","position":1,"name":"In\u00edcio","item":"https:\/\/cursaueducacao.com.br\/blog\/"},{"@type":"ListItem","position":2,"name":"A revolta da vacina"}]},{"@type":"WebSite","@id":"https:\/\/cursaueducacao.com.br\/blog\/#website","url":"https:\/\/cursaueducacao.com.br\/blog\/","name":"Cursau Educa\u00e7\u00e3o - Blog","description":"Blog da Cursau Educa\u00e7\u00e3o","publisher":{"@id":"https:\/\/cursaueducacao.com.br\/blog\/#organization"},"potentialAction":[{"@type":"SearchAction","target":{"@type":"EntryPoint","urlTemplate":"https:\/\/cursaueducacao.com.br\/blog\/?s={search_term_string}"},"query-input":{"@type":"PropertyValueSpecification","valueRequired":true,"valueName":"search_term_string"}}],"inLanguage":"pt-BR"},{"@type":"Organization","@id":"https:\/\/cursaueducacao.com.br\/blog\/#organization","name":"Cursau Educa\u00e7\u00e3o","url":"https:\/\/cursaueducacao.com.br\/blog\/","logo":{"@type":"ImageObject","inLanguage":"pt-BR","@id":"https:\/\/cursaueducacao.com.br\/blog\/#\/schema\/logo\/image\/","url":"https:\/\/cursaueducacao.com.br\/blog\/wp-content\/uploads\/2023\/02\/Logo-cor-Vertical.png","contentUrl":"https:\/\/cursaueducacao.com.br\/blog\/wp-content\/uploads\/2023\/02\/Logo-cor-Vertical.png","width":5751,"height":4900,"caption":"Cursau Educa\u00e7\u00e3o"},"image":{"@id":"https:\/\/cursaueducacao.com.br\/blog\/#\/schema\/logo\/image\/"},"sameAs":["https:\/\/www.facebook.com\/cursaucursos","https:\/\/www.instagram.com\/cursaucursos"]},{"@type":"Person","@id":"https:\/\/cursaueducacao.com.br\/blog\/#\/schema\/person\/20820be381dfd4fd86992da4929b2eab","name":"Reda\u00e7\u00e3o Cursau","image":{"@type":"ImageObject","inLanguage":"pt-BR","@id":"https:\/\/cursaueducacao.com.br\/blog\/#\/schema\/person\/image\/","url":"https:\/\/secure.gravatar.com\/avatar\/9cc19e2b1a694b9baf602a66d37817c213147e66101aa4f6e53332b2464164b3?s=96&d=mm&r=g","contentUrl":"https:\/\/secure.gravatar.com\/avatar\/9cc19e2b1a694b9baf602a66d37817c213147e66101aa4f6e53332b2464164b3?s=96&d=mm&r=g","caption":"Reda\u00e7\u00e3o Cursau"},"url":"https:\/\/cursaueducacao.com.br\/blog\/author\/redacao-cursau\/"}]}},"_links":{"self":[{"href":"https:\/\/cursaueducacao.com.br\/blog\/wp-json\/wp\/v2\/posts\/1800","targetHints":{"allow":["GET"]}}],"collection":[{"href":"https:\/\/cursaueducacao.com.br\/blog\/wp-json\/wp\/v2\/posts"}],"about":[{"href":"https:\/\/cursaueducacao.com.br\/blog\/wp-json\/wp\/v2\/types\/post"}],"author":[{"embeddable":true,"href":"https:\/\/cursaueducacao.com.br\/blog\/wp-json\/wp\/v2\/users\/5"}],"replies":[{"embeddable":true,"href":"https:\/\/cursaueducacao.com.br\/blog\/wp-json\/wp\/v2\/comments?post=1800"}],"version-history":[{"count":2,"href":"https:\/\/cursaueducacao.com.br\/blog\/wp-json\/wp\/v2\/posts\/1800\/revisions"}],"predecessor-version":[{"id":1806,"href":"https:\/\/cursaueducacao.com.br\/blog\/wp-json\/wp\/v2\/posts\/1800\/revisions\/1806"}],"wp:featuredmedia":[{"embeddable":true,"href":"https:\/\/cursaueducacao.com.br\/blog\/wp-json\/wp\/v2\/media\/1805"}],"wp:attachment":[{"href":"https:\/\/cursaueducacao.com.br\/blog\/wp-json\/wp\/v2\/media?parent=1800"}],"wp:term":[{"taxonomy":"category","embeddable":true,"href":"https:\/\/cursaueducacao.com.br\/blog\/wp-json\/wp\/v2\/categories?post=1800"},{"taxonomy":"post_tag","embeddable":true,"href":"https:\/\/cursaueducacao.com.br\/blog\/wp-json\/wp\/v2\/tags?post=1800"}],"curies":[{"name":"wp","href":"https:\/\/api.w.org\/{rel}","templated":true}]}}